{"id":1276,"date":"2026-01-20T17:44:21","date_gmt":"2026-01-20T17:44:21","guid":{"rendered":"https:\/\/swiss-fleckenschutz.ch\/?p=1276"},"modified":"2026-01-20T17:46:56","modified_gmt":"2026-01-20T17:46:56","slug":"lederschutz-fuer-sofas-warum-er-sich-lohnt","status":"publish","type":"post","link":"https:\/\/swiss-fleckenschutz.ch\/fr\/lederschutz-fuer-sofas-warum-er-sich-lohnt\/","title":{"rendered":"Protection du cuir des canap\u00e9s - pourquoi cela vaut la peine"},"content":{"rendered":"<p>Un canap\u00e9 en cuir n'est pas seulement un meuble confortable, mais souvent un v\u00e9ritable point fort dans le salon. Le cuir est noble, agr\u00e9able au toucher et peut rester beau pendant de nombreuses ann\u00e9es s'il est bien entretenu. N\u00e9anmoins, le cuir v\u00e9ritable est fragile : les liquides, les rayures, la transpiration ou les rayons du soleil peuvent endommager le mat\u00e9riau s'il n'est pas prot\u00e9g\u00e9 de mani\u00e8re optimale.<\/p>\n<p>C'est pr\u00e9cis\u00e9ment l\u00e0 qu'intervient une protection professionnelle du cuir : des produits de protection sp\u00e9ciaux scellent d\u00e9licatement les pores du cuir et agissent comme une barri\u00e8re invisible contre les liquides, la salet\u00e9, les rayures et le vieillissement pr\u00e9matur\u00e9 - et ce, sans modifier l'aspect naturel ou la respirabilit\u00e9 du cuir.<\/p>\n<p>Une protection professionnelle pr\u00e9sente plusieurs avantages :<\/p>\n<p>Protection contre les salissures quotidiennes comme le caf\u00e9, le vin rouge ou les huiles - elles perlent et peuvent \u00eatre enlev\u00e9es plus facilement.<\/p>\n<p>Pr\u00e9servation de la qualit\u00e9 du cuir : la souplesse naturelle est pr\u00e9serv\u00e9e, le cuir ne devient pas cassant.<\/p>\n<p>Pour de nombreux traitements, il existe des mod\u00e8les de garantie qui offrent une s\u00e9curit\u00e9 pendant des ann\u00e9es.<\/p>\n<p>Que vous veniez d'acheter un nouveau canap\u00e9 ou que vous l'utilisiez depuis longtemps, une protection en cuir adapt\u00e9e peut contribuer \u00e0 prolonger consid\u00e9rablement la dur\u00e9e de vie de votre si\u00e8ge pr\u00e9f\u00e9r\u00e9 et \u00e0 rendre votre quotidien moins stressant.<\/p>","protected":false},"excerpt":{"rendered":"<p>Ein Ledersofa ist nicht nur ein gem\u00fctliches M\u00f6belst\u00fcck, sondern oft ein echtes Highlight im Wohnzimmer. Leder wirkt edel, f\u00fchlt sich angenehm an und kann bei guter Pflege \u00fcber viele Jahre sch\u00f6n bleiben. Dennoch ist echtes Leder empfindlich: Fl\u00fcssigkeiten, Kratzer, Schwei\u00df- oder Sonneneinstrahlung k\u00f6nnen dem Material zusetzen, wenn es nicht optimal gesch\u00fctzt ist. Genau hier setzt [&hellip;]<\/p>\n","protected":false},"author":2,"featured_media":795,"comment_status":"open","ping_status":"open","sticky":false,"template":"","format":"standard","meta":{"footnotes":""},"categories":[11],"tags":[],"class_list":["post-1276","post","type-post","status-publish","format-standard","has-post-thumbnail","hentry","category-lederschutz"],"_links":{"self":[{"href":"https:\/\/swiss-fleckenschutz.ch\/fr\/wp-json\/wp\/v2\/posts\/1276","targetHints":{"allow":["GET"]}}],"collection":[{"href":"https:\/\/swiss-fleckenschutz.ch\/fr\/wp-json\/wp\/v2\/posts"}],"about":[{"href":"https:\/\/swiss-fleckenschutz.ch\/fr\/wp-json\/wp\/v2\/types\/post"}],"author":[{"embeddable":true,"href":"https:\/\/swiss-fleckenschutz.ch\/fr\/wp-json\/wp\/v2\/users\/2"}],"replies":[{"embeddable":true,"href":"https:\/\/swiss-fleckenschutz.ch\/fr\/wp-json\/wp\/v2\/comments?post=1276"}],"version-history":[{"count":1,"href":"https:\/\/swiss-fleckenschutz.ch\/fr\/wp-json\/wp\/v2\/posts\/1276\/revisions"}],"predecessor-version":[{"id":1277,"href":"https:\/\/swiss-fleckenschutz.ch\/fr\/wp-json\/wp\/v2\/posts\/1276\/revisions\/1277"}],"wp:featuredmedia":[{"embeddable":true,"href":"https:\/\/swiss-fleckenschutz.ch\/fr\/wp-json\/wp\/v2\/media\/795"}],"wp:attachment":[{"href":"https:\/\/swiss-fleckenschutz.ch\/fr\/wp-json\/wp\/v2\/media?parent=1276"}],"wp:term":[{"taxonomy":"category","embeddable":true,"href":"https:\/\/swiss-fleckenschutz.ch\/fr\/wp-json\/wp\/v2\/categories?post=1276"},{"taxonomy":"post_tag","embeddable":true,"href":"https:\/\/swiss-fleckenschutz.ch\/fr\/wp-json\/wp\/v2\/tags?post=1276"}],"curies":[{"name":"wp","href":"https:\/\/api.w.org\/{rel}","templated":true}]}}