{"id":473,"date":"2025-03-29T19:54:48","date_gmt":"2025-03-29T19:54:48","guid":{"rendered":"http:\/\/localhost:10018\/?p=473"},"modified":"2025-09-13T10:32:37","modified_gmt":"2025-09-13T10:32:37","slug":"professioneller-fleckenschutz-mit-obtex-sauberkeit-auf-hoechstem-niveau","status":"publish","type":"post","link":"https:\/\/swiss-fleckenschutz.ch\/fr\/professioneller-fleckenschutz-mit-obtex-sauberkeit-auf-hoechstem-niveau\/","title":{"rendered":"Protection professionnelle contre les taches avec Obtex - la propret\u00e9 au plus haut niveau"},"content":{"rendered":"<div class=\"wp-block-columns is-layout-flex wp-container-core-columns-is-layout-28f84493 wp-block-columns-is-layout-flex\">\n<div class=\"wp-block-column is-layout-flow wp-block-column-is-layout-flow\">\n<h2 class=\"wp-block-heading\"><strong>Qu'est-ce qu'Obtex ?<\/strong><\/h2>\n\n\n\n<p>Le site <strong>Protection anti-taches originale TOP CARE<\/strong> mise sur le produit innovant <strong>Obtex<\/strong> - une technologie performante sp\u00e9cialement d\u00e9velopp\u00e9e pour les textiles fortement sollicit\u00e9s. Contrairement aux impr\u00e9gnations traditionnelles, Obtex se lie durablement \u00e0 la fibre sans en alt\u00e9rer la respirabilit\u00e9 ou le toucher naturel.<\/p>\n<\/div>\n\n\n\n<div class=\"wp-block-column is-layout-flow wp-block-column-is-layout-flow\">\n<figure class=\"wp-block-image size-full\"><img fetchpriority=\"high\" decoding=\"async\" width=\"1024\" height=\"1024\" src=\"https:\/\/swiss-fleckenschutz.ch\/wp-content\/uploads\/2025\/09\/ChatGPT-Image-Mar-28-2025-08_22_11-PM.png\" alt=\"\" class=\"wp-image-778\" srcset=\"https:\/\/swiss-fleckenschutz.ch\/wp-content\/uploads\/2025\/09\/ChatGPT-Image-Mar-28-2025-08_22_11-PM.png 1024w, https:\/\/swiss-fleckenschutz.ch\/wp-content\/uploads\/2025\/09\/ChatGPT-Image-Mar-28-2025-08_22_11-PM-300x300.png 300w, https:\/\/swiss-fleckenschutz.ch\/wp-content\/uploads\/2025\/09\/ChatGPT-Image-Mar-28-2025-08_22_11-PM-150x150.png 150w, https:\/\/swiss-fleckenschutz.ch\/wp-content\/uploads\/2025\/09\/ChatGPT-Image-Mar-28-2025-08_22_11-PM-768x768.png 768w, https:\/\/swiss-fleckenschutz.ch\/wp-content\/uploads\/2025\/09\/ChatGPT-Image-Mar-28-2025-08_22_11-PM-12x12.png 12w\" sizes=\"(max-width: 1024px) 100vw, 1024px\" \/><\/figure>\n<\/div>\n<\/div>\n\n\n\n<h2 class=\"wp-block-heading\"><strong>O\u00f9 Obtex est-il utilis\u00e9 ?<\/strong><br><\/h2>\n\n\n\n<p>Obtex est utilis\u00e9 partout o\u00f9 une propret\u00e9 maximale, une longue dur\u00e9e de vie et un aspect soign\u00e9 sont exig\u00e9s :<\/p>\n\n\n\n<ul class=\"wp-block-list\">\n<li><strong>H\u00f4tels<\/strong>Dans les chambres, les salons ou les salles de conf\u00e9rence, Obtex prot\u00e8ge durablement les tissus d'ameublement contre les taches.<\/li>\n\n\n\n<li><strong>Restaurants<\/strong>Les textiles restent impeccables et faciles \u00e0 nettoyer malgr\u00e9 une utilisation intensive.<\/li>\n\n\n\n<li><strong>H\u00f4pitaux &amp; \u00e9tablissements de soins<\/strong>L'hygi\u00e8ne est ici primordiale - Obtex assure une s\u00e9curit\u00e9 et un confort de nettoyage suppl\u00e9mentaires.<\/li>\n<\/ul>\n\n\n\n<h2 class=\"wp-block-heading\"><strong>Les avantages d'Obtex dans Top Care en un coup d'\u0153il<\/strong><\/h2>\n\n\n\n<ul class=\"wp-block-list\">\n<li>Les liquides perlent comme par magie<\/li>\n\n\n\n<li>Pas d'impact sur la respirabilit\u00e9 ou l'apparence<\/li>\n\n\n\n<li>Gain de temps et d'argent lors du nettoyage<\/li>\n\n\n\n<li>Protection durable - id\u00e9ale pour une utilisation professionnelle<\/li>\n<\/ul>\n\n\n\n<h2 class=\"wp-block-heading\"><strong>Conclusion : invisible mais indispensable<\/strong><br><\/h2>\n\n\n\n<p>Obtex est l'aide invisible qui veille en arri\u00e8re-plan \u00e0 ce que vos textiles soient comme neufs tous les jours, quelle que soit l'intensit\u00e9 de leur utilisation.<\/p>","protected":false},"excerpt":{"rendered":"<p>Was ist Obtex? Der Original TOP CARE Fleckenschutz setzt auf das innovative Produkt Obtex \u2013 eine leistungsstarke Technologie, die speziell f\u00fcr stark beanspruchte Textilien entwickelt wurde. Anders als herk\u00f6mmliche Impr\u00e4gnierungen verbindet sich Obtex dauerhaft mit der Faser, ohne deren Atmungsaktivit\u00e4t oder nat\u00fcrlichen Griff zu ver\u00e4ndern. Wo wird Obtex eingesetzt? Obtex wird \u00fcberall dort eingesetzt, wo [&hellip;]<\/p>\n","protected":false},"author":2,"featured_media":992,"comment_status":"open","ping_status":"open","sticky":false,"template":"","format":"standard","meta":{"footnotes":""},"categories":[1],"tags":[],"class_list":["post-473","post","type-post","status-publish","format-standard","has-post-thumbnail","hentry","category-uncategorized"],"_links":{"self":[{"href":"https:\/\/swiss-fleckenschutz.ch\/fr\/wp-json\/wp\/v2\/posts\/473","targetHints":{"allow":["GET"]}}],"collection":[{"href":"https:\/\/swiss-fleckenschutz.ch\/fr\/wp-json\/wp\/v2\/posts"}],"about":[{"href":"https:\/\/swiss-fleckenschutz.ch\/fr\/wp-json\/wp\/v2\/types\/post"}],"author":[{"embeddable":true,"href":"https:\/\/swiss-fleckenschutz.ch\/fr\/wp-json\/wp\/v2\/users\/2"}],"replies":[{"embeddable":true,"href":"https:\/\/swiss-fleckenschutz.ch\/fr\/wp-json\/wp\/v2\/comments?post=473"}],"version-history":[{"count":2,"href":"https:\/\/swiss-fleckenschutz.ch\/fr\/wp-json\/wp\/v2\/posts\/473\/revisions"}],"predecessor-version":[{"id":845,"href":"https:\/\/swiss-fleckenschutz.ch\/fr\/wp-json\/wp\/v2\/posts\/473\/revisions\/845"}],"wp:featuredmedia":[{"embeddable":true,"href":"https:\/\/swiss-fleckenschutz.ch\/fr\/wp-json\/wp\/v2\/media\/992"}],"wp:attachment":[{"href":"https:\/\/swiss-fleckenschutz.ch\/fr\/wp-json\/wp\/v2\/media?parent=473"}],"wp:term":[{"taxonomy":"category","embeddable":true,"href":"https:\/\/swiss-fleckenschutz.ch\/fr\/wp-json\/wp\/v2\/categories?post=473"},{"taxonomy":"post_tag","embeddable":true,"href":"https:\/\/swiss-fleckenschutz.ch\/fr\/wp-json\/wp\/v2\/tags?post=473"}],"curies":[{"name":"wp","href":"https:\/\/api.w.org\/{rel}","templated":true}]}}